{"id":191,"date":"2016-09-15T11:18:26","date_gmt":"2016-09-15T11:18:26","guid":{"rendered":"http:\/\/www.ferreteriacampollano.com\/blog\/?p=191"},"modified":"2025-02-10T10:21:08","modified_gmt":"2025-02-10T10:21:08","slug":"ya-esta-aqui-la-campana-de-otono-de-cadena88","status":"publish","type":"post","link":"https:\/\/www.ferreteriacampollano.com\/blog\/ya-esta-aqui-la-campana-de-otono-de-cadena88\/","title":{"rendered":"Ya est\u00e1 aqu\u00ed la campa\u00f1a de oto\u00f1o de Cadena88"},"content":{"rendered":"<p style=\"text-align: justify;\">Aprovechando su campa\u00f1a de oto\u00f1o, nos gustar\u00eda hablaros de Cadena88. \u00a0Creada en 1988, es la primera organizaci\u00f3n de ferreteros independientes de Espa\u00f1a, de la que formamos parte desde hace varios a\u00f1os.<\/p>\n<p style=\"text-align: justify;\">Cadena88 est\u00e1 en constante crecimiento tanto en n\u00famero de asociados como en volumente de ventas y est\u00e1 considerada como la Central de Compras y Servicios m\u00e1s din\u00e1mica del sector.<\/p>\n<h3 style=\"text-align: justify;\">Campa\u00f1a de oto\u00f1o de Cadena88<\/h3>\n<p style=\"text-align: justify;\">En su campa\u00f1a de oto\u00f1o pod\u00e9is encontrar una ampl\u00edsima oferta de art\u00edculos industriales: desde herramienta manual, herramienta el\u00e9ctrica o herramienta de taller hasta equipamiento para protecci\u00f3n laboral, pasando por soldadura o iluminaci\u00f3n.<img fetchpriority=\"high\" decoding=\"async\" class=\"aligncenter size-medium wp-image-193\" src=\"http:\/\/www.ferreteriacampollano.com\/blog\/wp-content\/uploads\/2016\/09\/cadena88-otono-300x281.jpg\" alt=\"cadena88-otono\" width=\"300\" height=\"281\" srcset=\"https:\/\/www.ferreteriacampollano.com\/blog\/wp-content\/uploads\/2016\/09\/cadena88-otono-300x281.jpg 300w, https:\/\/www.ferreteriacampollano.com\/blog\/wp-content\/uploads\/2016\/09\/cadena88-otono-332x311.jpg 332w, https:\/\/www.ferreteriacampollano.com\/blog\/wp-content\/uploads\/2016\/09\/cadena88-otono.jpg 676w\" sizes=\"(max-width: 300px) 100vw, 300px\" \/><\/p>\n<p style=\"text-align: justify;\">\n","protected":false},"excerpt":{"rendered":"<p>Aprovechando su campa\u00f1a de oto\u00f1o, nos gustar\u00eda hablaros de Cadena88. \u00a0Creada en 1988, es la primera organizaci\u00f3n de ferreteros independientes de Espa\u00f1a, de la que formamos parte desde hace varios&hellip;<\/p>\n","protected":false},"author":1,"featured_media":2595,"comment_status":"open","ping_status":"open","sticky":false,"template":"","format":"standard","meta":{"footnotes":""},"categories":[2],"tags":[],"class_list":["post-191","post","type-post","status-publish","format-standard","has-post-thumbnail","hentry","category-general"],"_links":{"self":[{"href":"https:\/\/www.ferreteriacampollano.com\/blog\/wp-json\/wp\/v2\/posts\/191","targetHints":{"allow":["GET"]}}],"collection":[{"href":"https:\/\/www.ferreteriacampollano.com\/blog\/wp-json\/wp\/v2\/posts"}],"about":[{"href":"https:\/\/www.ferreteriacampollano.com\/blog\/wp-json\/wp\/v2\/types\/post"}],"author":[{"embeddable":true,"href":"https:\/\/www.ferreteriacampollano.com\/blog\/wp-json\/wp\/v2\/users\/1"}],"replies":[{"embeddable":true,"href":"https:\/\/www.ferreteriacampollano.com\/blog\/wp-json\/wp\/v2\/comments?post=191"}],"version-history":[{"count":0,"href":"https:\/\/www.ferreteriacampollano.com\/blog\/wp-json\/wp\/v2\/posts\/191\/revisions"}],"wp:featuredmedia":[{"embeddable":true,"href":"https:\/\/www.ferreteriacampollano.com\/blog\/wp-json\/wp\/v2\/media\/2595"}],"wp:attachment":[{"href":"https:\/\/www.ferreteriacampollano.com\/blog\/wp-json\/wp\/v2\/media?parent=191"}],"wp:term":[{"taxonomy":"category","embeddable":true,"href":"https:\/\/www.ferreteriacampollano.com\/blog\/wp-json\/wp\/v2\/categories?post=191"},{"taxonomy":"post_tag","embeddable":true,"href":"https:\/\/www.ferreteriacampollano.com\/blog\/wp-json\/wp\/v2\/tags?post=191"}],"curies":[{"name":"wp","href":"https:\/\/api.w.org\/{rel}","templated":true}]}}