{"id":198,"date":"2016-09-22T08:05:39","date_gmt":"2016-09-22T08:05:39","guid":{"rendered":"http:\/\/www.ferreteriacampollano.com\/blog\/?p=198"},"modified":"2025-04-02T09:00:45","modified_gmt":"2025-04-02T09:00:45","slug":"la-importancia-de-usar-gafas-graduadas","status":"publish","type":"post","link":"https:\/\/www.ferreteriacampollano.com\/blog\/la-importancia-de-usar-gafas-graduadas\/","title":{"rendered":"\u00bfNecesitas gafas graduadas pero no las llevas? Esto te interesa"},"content":{"rendered":"<div id=\"ez-toc-container\" class=\"ez-toc-v2_0_82_2 counter-hierarchy ez-toc-counter ez-toc-grey ez-toc-container-direction\">\n<div class=\"ez-toc-title-container\">\n<p class=\"ez-toc-title ez-toc-toggle\" style=\"cursor:pointer\">\u00cdndice de Contenidos<\/p>\n<span class=\"ez-toc-title-toggle\"><a href=\"#\" class=\"ez-toc-pull-right ez-toc-btn ez-toc-btn-xs ez-toc-btn-default ez-toc-toggle\" aria-label=\"Alternar tabla de contenidos\"><span class=\"ez-toc-js-icon-con\"><span class=\"\"><span class=\"eztoc-hide\" style=\"display:none;\">Toggle<\/span><span class=\"ez-toc-icon-toggle-span\"><svg style=\"fill: #999;color:#999\" xmlns=\"http:\/\/www.w3.org\/2000\/svg\" class=\"list-377408\" width=\"20px\" height=\"20px\" viewBox=\"0 0 24 24\" fill=\"none\"><path d=\"M6 6H4v2h2V6zm14 0H8v2h12V6zM4 11h2v2H4v-2zm16 0H8v2h12v-2zM4 16h2v2H4v-2zm16 0H8v2h12v-2z\" fill=\"currentColor\"><\/path><\/svg><svg style=\"fill: #999;color:#999\" class=\"arrow-unsorted-368013\" xmlns=\"http:\/\/www.w3.org\/2000\/svg\" width=\"10px\" height=\"10px\" viewBox=\"0 0 24 24\" version=\"1.2\" baseProfile=\"tiny\"><path d=\"M18.2 9.3l-6.2-6.3-6.2 6.3c-.2.2-.3.4-.3.7s.1.5.3.7c.2.2.4.3.7.3h11c.3 0 .5-.1.7-.3.2-.2.3-.5.3-.7s-.1-.5-.3-.7zM5.8 14.7l6.2 6.3 6.2-6.3c.2-.2.3-.5.3-.7s-.1-.5-.3-.7c-.2-.2-.4-.3-.7-.3h-11c-.3 0-.5.1-.7.3-.2.2-.3.5-.3.7s.1.5.3.7z\"\/><\/svg><\/span><\/span><\/span><\/a><\/span><\/div>\n<nav><ul class='ez-toc-list ez-toc-list-level-1 eztoc-toggle-hide-by-default' ><li class='ez-toc-page-1 ez-toc-heading-level-2'><a class=\"ez-toc-link ez-toc-heading-1\" href=\"https:\/\/www.ferreteriacampollano.com\/blog\/la-importancia-de-usar-gafas-graduadas\/#%C2%BFNecesitas_gafas_graduadas_pero_no_las_llevas_Esto_te_interesa\" >\u00bfNecesitas gafas graduadas pero no las llevas? Esto te interesa<\/a><ul class='ez-toc-list-level-3' ><li class='ez-toc-heading-level-3'><a class=\"ez-toc-link ez-toc-heading-2\" href=\"https:\/\/www.ferreteriacampollano.com\/blog\/la-importancia-de-usar-gafas-graduadas\/#Recomendaciones_de_Ferreteria_Campollano\" >Recomendaciones de Ferreter\u00eda Campollano<\/a><\/li><\/ul><\/li><\/ul><\/nav><\/div>\n<h2><span class=\"ez-toc-section\" id=\"%C2%BFNecesitas_gafas_graduadas_pero_no_las_llevas_Esto_te_interesa\"><\/span>\u00bfNecesitas gafas graduadas pero no las llevas? Esto te interesa<span class=\"ez-toc-section-end\"><\/span><\/h2>\n<p style=\"text-align: justify;\">En anteriores entradas os hemos explicado en profundidad del <a href=\"http:\/\/www.ferreteriacampollano.com\/blog\/todo-lo-que-no-sabias-sobre-el-calzado-de-uso-profesional\/\" target=\"_blank\" rel=\"noopener\">calzado de uso profesional<\/a> y de <a href=\"http:\/\/www.ferreteriacampollano.com\/blog\/tus-manos-herramienta-trabajo-cuidalas\/\" target=\"_blank\" rel=\"noopener\">la importancia de usar guantes de protecci\u00f3n en el trabajo<\/a>.<\/p>\n<p style=\"text-align: justify;\">Hoy, siguiendo en la l\u00ednea de usar buenos h\u00e1bitos para cuidar nuestra salud, os vamos a hablar de una \u00abcostumbre\u00bb que est\u00e1 <strong>demasiado extendida<\/strong>. Mucha gente necesita usar <a href=\"http:\/\/www.ferreteriacampollano.com\/gafa-pack-2pzs-graduadas-3-50-twin-colores-rojo-y-azul-satin.html\" target=\"_blank\" rel=\"noopener\"><strong>gafas graduadas a diario<\/strong><\/a>, pero por diferentes motivos (comodidad, est\u00e9tica, etc.) deciden <strong>apartarlas en un caj\u00f3n<\/strong> y seguir con su actividad diaria.<\/p>\n<p style=\"text-align: justify;\">Pues bien, os vamos a relatar unas cuantas <strong>razones<\/strong> por las que esta costumbre se puede convertir en algo <strong>muy perjudicial para la salud<\/strong>.<\/p>\n<ul style=\"text-align: justify;\">\n<li>Hay que tener en cuenta que diferentes estudios hablan de que del total de informaci\u00f3n que recibimos <strong>el 80%<\/strong> nos llega a trav\u00e9s de nuestra vista. Adem\u00e1s este porcentaje puede llegar a valores del <strong>90%<\/strong> si estamos usando el coche.<\/li>\n<li>La gente que padece de<strong> miop\u00eda<\/strong> tienen problemas para <strong>ver de lejos<\/strong>. Esto os puede causar problemas de diferente \u00edndole. Por ejemplo, conduciendo tendr\u00e9is problemas para <strong>ver correctamente las se\u00f1ales de tr\u00e1fico<\/strong> y andando por la calle dejar\u00e9is de <strong>saludar<\/strong> a personas conocidas. No obstante, esto puede ocasionar a la larga problemas m\u00e1s graves como el riesgo de padecer <strong>ojo vago<\/strong>.<\/li>\n<li>En el caso de los que padecen <strong>hipermetrop\u00eda<\/strong>, tiene problemas para <strong>ver de cerca<\/strong>. Si no se utilizan <strong>gafas graduadas<\/strong>, esto puede derivar en fatiga y dolores de cabeza.<\/li>\n<li>Otro problema habitual es usar gafas que <strong>no tienen la graduaci\u00f3n adecuad<\/strong>a (tanto si la graduaci\u00f3n es mayor como si es menor) ya que puede ocasionarnos <strong>dolor de cabeza<\/strong>. Para evitar esto, los expertos \u00a0recomiendan <strong>revisar la vista una vez al a\u00f1<\/strong>o.<\/li>\n<li>Tampoco se deben usar las <strong>gafas de otra persona<\/strong>, ya que cuando te grad\u00faan la vista, tienen en cuenta muchos factores, como puede ser, adem\u00e1s de la <strong>graduaci\u00f3n de cada ojo<\/strong>, <strong>la distancia que separa las pupilas<\/strong> o la <strong>actividad<\/strong> que se va a desempe\u00f1ar.<\/li>\n<\/ul>\n<h3 style=\"text-align: justify;\"><span class=\"ez-toc-section\" id=\"Recomendaciones_de_Ferreteria_Campollano\"><\/span>Recomendaciones de Ferreter\u00eda Campollano<span class=\"ez-toc-section-end\"><\/span><\/h3>\n<p style=\"text-align: justify;\">Desde Ferreter\u00eda Campollano hemos querido exponer todos los puntos anteriores para que la gente se conciencie de <strong>la importancia de usar gafas graduadas<\/strong>. Por nuestra parte, aportamos nuestro granito de arena con un <strong>kit de gafas Twin<\/strong> con un dise\u00f1o moderno y una <strong>oferta de 2&#215;1<\/strong> para comenzar la vuelta al trabajo cuidando nuestra vista.<\/p>\n<figure id=\"attachment_201\" aria-describedby=\"caption-attachment-201\" style=\"width: 300px\" class=\"wp-caption aligncenter\"><a href=\"http:\/\/www.ferreteriacampollano.com\/proteccion-laboral\/proteccion-ocular\/gafas-graduadas.html\" target=\"_blank\" rel=\"noopener\"><img fetchpriority=\"high\" decoding=\"async\" class=\"wp-image-201 size-medium\" src=\"http:\/\/www.ferreteriacampollano.com\/blog\/wp-content\/uploads\/2016\/09\/gafas-twin-300x298.jpg\" alt=\"Monturas Twin para gafas graduadas\" width=\"300\" height=\"298\" srcset=\"https:\/\/www.ferreteriacampollano.com\/blog\/wp-content\/uploads\/2016\/09\/gafas-twin-300x298.jpg 300w, https:\/\/www.ferreteriacampollano.com\/blog\/wp-content\/uploads\/2016\/09\/gafas-twin-150x150.jpg 150w, https:\/\/www.ferreteriacampollano.com\/blog\/wp-content\/uploads\/2016\/09\/gafas-twin-332x330.jpg 332w, https:\/\/www.ferreteriacampollano.com\/blog\/wp-content\/uploads\/2016\/09\/gafas-twin.jpg 364w\" sizes=\"(max-width: 300px) 100vw, 300px\" \/><\/a><figcaption id=\"caption-attachment-201\" class=\"wp-caption-text\">Kit de gafas Twin<\/figcaption><\/figure>\n<p>Como siempre, si ten\u00e9is cualquier duda, nuestro equipo de expertos os la resolver\u00e1n.<\/p>\n","protected":false},"excerpt":{"rendered":"<p>\u00bfNecesitas gafas graduadas pero no las llevas? Esto te interesa En anteriores entradas os hemos explicado en profundidad del calzado de uso profesional y de la importancia de usar guantes&hellip;<\/p>\n","protected":false},"author":1,"featured_media":2593,"comment_status":"open","ping_status":"open","sticky":false,"template":"","format":"standard","meta":{"footnotes":""},"categories":[3],"tags":[],"class_list":["post-198","post","type-post","status-publish","format-standard","has-post-thumbnail","hentry","category-proteccion-laboral"],"_links":{"self":[{"href":"https:\/\/www.ferreteriacampollano.com\/blog\/wp-json\/wp\/v2\/posts\/198","targetHints":{"allow":["GET"]}}],"collection":[{"href":"https:\/\/www.ferreteriacampollano.com\/blog\/wp-json\/wp\/v2\/posts"}],"about":[{"href":"https:\/\/www.ferreteriacampollano.com\/blog\/wp-json\/wp\/v2\/types\/post"}],"author":[{"embeddable":true,"href":"https:\/\/www.ferreteriacampollano.com\/blog\/wp-json\/wp\/v2\/users\/1"}],"replies":[{"embeddable":true,"href":"https:\/\/www.ferreteriacampollano.com\/blog\/wp-json\/wp\/v2\/comments?post=198"}],"version-history":[{"count":0,"href":"https:\/\/www.ferreteriacampollano.com\/blog\/wp-json\/wp\/v2\/posts\/198\/revisions"}],"wp:featuredmedia":[{"embeddable":true,"href":"https:\/\/www.ferreteriacampollano.com\/blog\/wp-json\/wp\/v2\/media\/2593"}],"wp:attachment":[{"href":"https:\/\/www.ferreteriacampollano.com\/blog\/wp-json\/wp\/v2\/media?parent=198"}],"wp:term":[{"taxonomy":"category","embeddable":true,"href":"https:\/\/www.ferreteriacampollano.com\/blog\/wp-json\/wp\/v2\/categories?post=198"},{"taxonomy":"post_tag","embeddable":true,"href":"https:\/\/www.ferreteriacampollano.com\/blog\/wp-json\/wp\/v2\/tags?post=198"}],"curies":[{"name":"wp","href":"https:\/\/api.w.org\/{rel}","templated":true}]}}