{"id":2353,"date":"2026-04-17T10:05:22","date_gmt":"2026-04-17T10:05:22","guid":{"rendered":"https:\/\/www.ferreteriacampollano.com\/blog\/?p=2353"},"modified":"2026-04-17T10:20:21","modified_gmt":"2026-04-17T10:20:21","slug":"la-historia-de-bosch-innovacion-y-calidad-al-servicio-del-mundo","status":"publish","type":"post","link":"https:\/\/www.ferreteriacampollano.com\/blog\/la-historia-de-bosch-innovacion-y-calidad-al-servicio-del-mundo\/","title":{"rendered":"La historia de Bosch: c\u00f3mo naci\u00f3 y evolucion\u00f3 una de las marcas m\u00e1s influyentes del mundo"},"content":{"rendered":"<div style=\"max-width: 100%; font-family: Arial, Helvetica, sans-serif; color: #1f2937; line-height: 1.7;\">\n<p style=\"font-size: 18px; margin: 0 0 18px 0; color: #374151;\">Hablar de Bosch es hablar de innovaci\u00f3n, fiabilidad y tecnolog\u00eda aplicada al d\u00eda a d\u00eda. La marca est\u00e1 presente en herramientas, automoci\u00f3n, electrodom\u00e9sticos y soluciones industriales, pero su historia empieza mucho antes de convertirse en un referente mundial.<\/p>\n<p style=\"margin: 0 0 22px 0;\">En este recorrido descubrir\u00e1s <strong>cu\u00e1ndo naci\u00f3 Bosch<\/strong>, cu\u00e1les fueron sus principales hitos y por qu\u00e9 sigue siendo una de las marcas m\u00e1s reconocidas a nivel internacional. Si alguna vez te has preguntado c\u00f3mo pas\u00f3 de un peque\u00f1o taller en Alemania a convertirse en una empresa global, aqu\u00ed tienes una gu\u00eda clara y completa.<\/p>\n<div style=\"margin: 0 0 26px 0; padding: 18px 20px; background: #eff6ff; border: 1px solid #bfdbfe; border-radius: 14px;\">\n<p style=\"margin: 0 0 10px 0; font-size: 15px; font-weight: bold; color: #0f172a; text-transform: uppercase; letter-spacing: .4px;\">Resumen r\u00e1pido<\/p>\n<ul style=\"margin: 0; padding-left: 20px;\">\n<li style=\"margin: 0 0 6px 0;\">Bosch fue fundada en <strong>1886<\/strong> por Robert Bosch en Stuttgart.<\/li>\n<li style=\"margin: 0 0 6px 0;\">Uno de sus grandes hitos fue la <strong>magneto para autom\u00f3viles en 1897<\/strong>.<\/li>\n<li style=\"margin: 0 0 6px 0;\">En <strong>1902<\/strong>, la ignici\u00f3n de alta tensi\u00f3n con buj\u00eda impuls\u00f3 su crecimiento.<\/li>\n<li style=\"margin: 0 0 6px 0;\">Hoy Bosch opera a escala global en \u00e1reas como movilidad, industria, consumo y tecnolog\u00eda para edificios.<\/li>\n<li style=\"margin: 0;\">Su historia combina <strong>innovaci\u00f3n t\u00e9cnica<\/strong>, <strong>calidad<\/strong> y <strong>compromiso social<\/strong>.<\/li>\n<\/ul>\n<\/div>\n<div style=\"margin: 0 0 30px 0; padding: 18px 20px; background: #fff7ed; border: 1px solid #fed7aa; border-radius: 14px;\">\n<p style=\"margin: 0 0 10px 0; font-size: 15px; font-weight: bold; color: #9a3412; text-transform: uppercase; letter-spacing: .4px;\">Enlaces \u00fatiles<\/p>\n<p style=\"margin: 0 0 8px 0;\"><a style=\"color: #b45309; font-weight: bold; text-decoration: underline;\" href=\"https:\/\/www.ferreteriacampollano.com\/herramientas\/herramienta-electrica.html#\/marca-bosch\">Ver herramientas Bosch en la tienda online<\/a><\/p>\n<p style=\"margin: 0 0 8px 0;\"><a style=\"color: #b45309; font-weight: bold; text-decoration: underline;\" href=\"https:\/\/www.ferreteriacampollano.com\/blog\/consigue-tu-regalo-con-pro-deals-de-bosch-aqui\/\">Ver promociones Bosch Pro Deals<\/a><br \/>\n<a style=\"color: #b45309; font-weight: bold; text-decoration: underline;\" href=\"https:\/\/www.ferreteriacampollano.com\/blog\/bosch-y-su-compromiso-con-la-sostenibilidad\/\">Leer sobre sostenibilidad en Bosch<\/a><\/p>\n<\/div>\n<div id=\"ez-toc-container\" class=\"ez-toc-v2_0_82_2 counter-hierarchy ez-toc-counter ez-toc-grey ez-toc-container-direction\">\n<div class=\"ez-toc-title-container\">\n<p class=\"ez-toc-title ez-toc-toggle\" style=\"cursor:pointer\">\u00cdndice de Contenidos<\/p>\n<span class=\"ez-toc-title-toggle\"><a href=\"#\" class=\"ez-toc-pull-right ez-toc-btn ez-toc-btn-xs ez-toc-btn-default ez-toc-toggle\" aria-label=\"Alternar tabla de contenidos\"><span class=\"ez-toc-js-icon-con\"><span class=\"\"><span class=\"eztoc-hide\" style=\"display:none;\">Toggle<\/span><span class=\"ez-toc-icon-toggle-span\"><svg style=\"fill: #999;color:#999\" xmlns=\"http:\/\/www.w3.org\/2000\/svg\" class=\"list-377408\" width=\"20px\" height=\"20px\" viewBox=\"0 0 24 24\" fill=\"none\"><path d=\"M6 6H4v2h2V6zm14 0H8v2h12V6zM4 11h2v2H4v-2zm16 0H8v2h12v-2zM4 16h2v2H4v-2zm16 0H8v2h12v-2z\" fill=\"currentColor\"><\/path><\/svg><svg style=\"fill: #999;color:#999\" class=\"arrow-unsorted-368013\" xmlns=\"http:\/\/www.w3.org\/2000\/svg\" width=\"10px\" height=\"10px\" viewBox=\"0 0 24 24\" version=\"1.2\" baseProfile=\"tiny\"><path d=\"M18.2 9.3l-6.2-6.3-6.2 6.3c-.2.2-.3.4-.3.7s.1.5.3.7c.2.2.4.3.7.3h11c.3 0 .5-.1.7-.3.2-.2.3-.5.3-.7s-.1-.5-.3-.7zM5.8 14.7l6.2 6.3 6.2-6.3c.2-.2.3-.5.3-.7s-.1-.5-.3-.7c-.2-.2-.4-.3-.7-.3h-11c-.3 0-.5.1-.7.3-.2.2-.3.5-.3.7s.1.5.3.7z\"\/><\/svg><\/span><\/span><\/span><\/a><\/span><\/div>\n<nav><ul class='ez-toc-list ez-toc-list-level-1 eztoc-toggle-hide-by-default' ><li class='ez-toc-page-1 ez-toc-heading-level-2'><a class=\"ez-toc-link ez-toc-heading-1\" href=\"https:\/\/www.ferreteriacampollano.com\/blog\/la-historia-de-bosch-innovacion-y-calidad-al-servicio-del-mundo\/#%C2%BFCuando_nacio_Bosch\" >\u00bfCu\u00e1ndo naci\u00f3 Bosch?<\/a><\/li><li class='ez-toc-page-1 ez-toc-heading-level-2'><a class=\"ez-toc-link ez-toc-heading-2\" href=\"https:\/\/www.ferreteriacampollano.com\/blog\/la-historia-de-bosch-innovacion-y-calidad-al-servicio-del-mundo\/#Los_origenes_de_Bosch_de_un_pequeno_taller_a_una_empresa_internacional\" >Los or\u00edgenes de Bosch: de un peque\u00f1o taller a una empresa internacional<\/a><ul class='ez-toc-list-level-3' ><li class='ez-toc-heading-level-3'><a class=\"ez-toc-link ez-toc-heading-3\" href=\"https:\/\/www.ferreteriacampollano.com\/blog\/la-historia-de-bosch-innovacion-y-calidad-al-servicio-del-mundo\/#Que_hizo_diferente_a_Bosch_desde_el_inicio\" >Qu\u00e9 hizo diferente a Bosch desde el inicio<\/a><\/li><\/ul><\/li><li class='ez-toc-page-1 ez-toc-heading-level-2'><a class=\"ez-toc-link ez-toc-heading-4\" href=\"https:\/\/www.ferreteriacampollano.com\/blog\/la-historia-de-bosch-innovacion-y-calidad-al-servicio-del-mundo\/#Los_grandes_hitos_historicos_de_Bosch\" >Los grandes hitos hist\u00f3ricos de Bosch<\/a><ul class='ez-toc-list-level-3' ><li class='ez-toc-heading-level-3'><a class=\"ez-toc-link ez-toc-heading-5\" href=\"https:\/\/www.ferreteriacampollano.com\/blog\/la-historia-de-bosch-innovacion-y-calidad-al-servicio-del-mundo\/#1_La_magneto_de_encendido_de_1897\" >1. La magneto de encendido de 1897<\/a><\/li><li class='ez-toc-page-1 ez-toc-heading-level-3'><a class=\"ez-toc-link ez-toc-heading-6\" href=\"https:\/\/www.ferreteriacampollano.com\/blog\/la-historia-de-bosch-innovacion-y-calidad-al-servicio-del-mundo\/#2_La_ignicion_de_alta_tension_de_1902\" >2. La ignici\u00f3n de alta tensi\u00f3n de 1902<\/a><\/li><li class='ez-toc-page-1 ez-toc-heading-level-3'><a class=\"ez-toc-link ez-toc-heading-7\" href=\"https:\/\/www.ferreteriacampollano.com\/blog\/la-historia-de-bosch-innovacion-y-calidad-al-servicio-del-mundo\/#3_La_expansion_tecnologica\" >3. La expansi\u00f3n tecnol\u00f3gica<\/a><\/li><\/ul><\/li><li class='ez-toc-page-1 ez-toc-heading-level-2'><a class=\"ez-toc-link ez-toc-heading-8\" href=\"https:\/\/www.ferreteriacampollano.com\/blog\/la-historia-de-bosch-innovacion-y-calidad-al-servicio-del-mundo\/#Bosch_en_el_dia_a_dia_por_que_su_marca_esta_en_tantos_sectores\" >Bosch en el d\u00eda a d\u00eda: por qu\u00e9 su marca est\u00e1 en tantos sectores<\/a><\/li><li class='ez-toc-page-1 ez-toc-heading-level-2'><a class=\"ez-toc-link ez-toc-heading-9\" href=\"https:\/\/www.ferreteriacampollano.com\/blog\/la-historia-de-bosch-innovacion-y-calidad-al-servicio-del-mundo\/#La_filosofia_de_Bosch_innovacion_calidad_y_compromiso_social\" >La filosof\u00eda de Bosch: innovaci\u00f3n, calidad y compromiso social<\/a><ul class='ez-toc-list-level-3' ><li class='ez-toc-heading-level-3'><a class=\"ez-toc-link ez-toc-heading-10\" href=\"https:\/\/www.ferreteriacampollano.com\/blog\/la-historia-de-bosch-innovacion-y-calidad-al-servicio-del-mundo\/#Valores_que_explican_el_crecimiento_de_Bosch\" >Valores que explican el crecimiento de Bosch<\/a><\/li><\/ul><\/li><li class='ez-toc-page-1 ez-toc-heading-level-2'><a class=\"ez-toc-link ez-toc-heading-11\" href=\"https:\/\/www.ferreteriacampollano.com\/blog\/la-historia-de-bosch-innovacion-y-calidad-al-servicio-del-mundo\/#Bosch_en_la_actualidad\" >Bosch en la actualidad<\/a><\/li><li class='ez-toc-page-1 ez-toc-heading-level-2'><a class=\"ez-toc-link ez-toc-heading-12\" href=\"https:\/\/www.ferreteriacampollano.com\/blog\/la-historia-de-bosch-innovacion-y-calidad-al-servicio-del-mundo\/#Preguntas_frecuentes_sobre_la_historia_de_Bosch\" >Preguntas frecuentes sobre la historia de Bosch<\/a><\/li><li class='ez-toc-page-1 ez-toc-heading-level-2'><a class=\"ez-toc-link ez-toc-heading-13\" href=\"https:\/\/www.ferreteriacampollano.com\/blog\/la-historia-de-bosch-innovacion-y-calidad-al-servicio-del-mundo\/#Conclusion\" >Conclusi\u00f3n<\/a><\/li><\/ul><\/nav><\/div>\n\n<h2 style=\"font-size: 28px; line-height: 1.25; margin: 0 0 16px 0; color: #111827;\"><span class=\"ez-toc-section\" id=\"%C2%BFCuando_nacio_Bosch\"><\/span>\u00bfCu\u00e1ndo naci\u00f3 Bosch?<span class=\"ez-toc-section-end\"><\/span><\/h2>\n<p style=\"margin: 0 0 18px 0;\">Bosch naci\u00f3 en <strong>1886<\/strong>, cuando Robert Bosch fund\u00f3 en Stuttgart el \u201cWorkshop for Precision Mechanics and Electrical Engineering\u201d. Ese peque\u00f1o taller fue el origen de lo que hoy es una compa\u00f1\u00eda global. Desde el principio, la empresa se caracteriz\u00f3 por su vocaci\u00f3n innovadora y por una visi\u00f3n empresarial muy ligada a la calidad y al compromiso social.<\/p>\n<\/div>\n<div style=\"max-width: 100%; font-family: Arial, Helvetica, sans-serif; color: #1f2937; line-height: 1.7;\">\n<figure id=\"attachment_2377\" aria-describedby=\"caption-attachment-2377\" style=\"width: 1024px\" class=\"wp-caption alignnone\"><img fetchpriority=\"high\" decoding=\"async\" class=\"wp-image-2377 size-large\" title=\"la historia de Bosch\" src=\"https:\/\/www.ferreteriacampollano.com\/blog\/wp-content\/uploads\/2025\/02\/transportation-logistics_res_1280x720-1024x576.webp\" alt=\"la historia de Bosch\" width=\"1024\" height=\"576\" srcset=\"https:\/\/www.ferreteriacampollano.com\/blog\/wp-content\/uploads\/2025\/02\/transportation-logistics_res_1280x720-1024x576.webp 1024w, https:\/\/www.ferreteriacampollano.com\/blog\/wp-content\/uploads\/2025\/02\/transportation-logistics_res_1280x720-300x169.webp 300w, https:\/\/www.ferreteriacampollano.com\/blog\/wp-content\/uploads\/2025\/02\/transportation-logistics_res_1280x720-768x432.webp 768w, https:\/\/www.ferreteriacampollano.com\/blog\/wp-content\/uploads\/2025\/02\/transportation-logistics_res_1280x720.webp 1280w\" sizes=\"(max-width: 1024px) 100vw, 1024px\" \/><figcaption id=\"caption-attachment-2377\" class=\"wp-caption-text\"><em>La historia de Bosch<\/em><\/figcaption><\/figure>\n<div style=\"overflow-x: auto; margin: 0 0 28px 0; border: 1px solid #e5e7eb; border-radius: 14px;\">\n<table style=\"width: 100%; min-width: 760px; border-collapse: collapse; background: #ffffff;\">\n<thead>\n<tr style=\"background: #111827;\">\n<th style=\"padding: 14px 16px; text-align: left; color: #ffffff; font-size: 14px;\">A\u00f1o<\/th>\n<th style=\"padding: 14px 16px; text-align: left; color: #ffffff; font-size: 14px;\">Hito<\/th>\n<th style=\"padding: 14px 16px; text-align: left; color: #ffffff; font-size: 14px;\">Por qu\u00e9 fue importante<\/th>\n<\/tr>\n<\/thead>\n<tbody>\n<tr style=\"background: #ffffff;\">\n<td style=\"padding: 14px 16px; border-bottom: 1px solid #e5e7eb;\"><strong>1886<\/strong><\/td>\n<td style=\"padding: 14px 16px; border-bottom: 1px solid #e5e7eb;\">Fundaci\u00f3n de Bosch en Stuttgart<\/td>\n<td style=\"padding: 14px 16px; border-bottom: 1px solid #e5e7eb;\">Marca el nacimiento de la empresa creada por Robert Bosch.<\/td>\n<\/tr>\n<tr style=\"background: #f9fafb;\">\n<td style=\"padding: 14px 16px; border-bottom: 1px solid #e5e7eb;\"><strong>1897<\/strong><\/td>\n<td style=\"padding: 14px 16px; border-bottom: 1px solid #e5e7eb;\">Magneto de encendido para autom\u00f3viles<\/td>\n<td style=\"padding: 14px 16px; border-bottom: 1px solid #e5e7eb;\">Ayud\u00f3 a hacer del autom\u00f3vil un medio de transporte m\u00e1s realista y fiable.<\/td>\n<\/tr>\n<tr style=\"background: #ffffff;\">\n<td style=\"padding: 14px 16px; border-bottom: 1px solid #e5e7eb;\"><strong>1902<\/strong><\/td>\n<td style=\"padding: 14px 16px; border-bottom: 1px solid #e5e7eb;\">Ignici\u00f3n de alta tensi\u00f3n con buj\u00eda<\/td>\n<td style=\"padding: 14px 16px; border-bottom: 1px solid #e5e7eb;\">Fue una innovaci\u00f3n decisiva en el crecimiento de Bosch en automoci\u00f3n.<\/td>\n<\/tr>\n<tr style=\"background: #f9fafb;\">\n<td style=\"padding: 14px 16px; border-bottom: 1px solid #e5e7eb;\"><strong>1913<\/strong><\/td>\n<td style=\"padding: 14px 16px; border-bottom: 1px solid #e5e7eb;\">Sistema de iluminaci\u00f3n para autom\u00f3viles<\/td>\n<td style=\"padding: 14px 16px; border-bottom: 1px solid #e5e7eb;\">Supuso un paso clave en la evoluci\u00f3n de los sistemas el\u00e9ctricos del veh\u00edculo.<\/td>\n<\/tr>\n<tr style=\"background: #ffffff;\">\n<td style=\"padding: 14px 16px;\"><strong>Actualidad<\/strong><\/td>\n<td style=\"padding: 14px 16px;\">Grupo tecnol\u00f3gico global<\/td>\n<td style=\"padding: 14px 16px;\">Bosch opera en movilidad, tecnolog\u00eda industrial, bienes de consumo y edificios inteligentes.<\/td>\n<\/tr>\n<\/tbody>\n<\/table>\n<\/div>\n<h2 style=\"font-size: 28px; line-height: 1.25; margin: 0 0 16px 0; color: #111827;\"><span class=\"ez-toc-section\" id=\"Los_origenes_de_Bosch_de_un_pequeno_taller_a_una_empresa_internacional\"><\/span>Los or\u00edgenes de Bosch: de un peque\u00f1o taller a una empresa internacional<span class=\"ez-toc-section-end\"><\/span><\/h2>\n<p style=\"margin: 0 0 16px 0;\">En sus primeros a\u00f1os, Bosch no era la multinacional que conocemos hoy, sino un peque\u00f1o taller especializado en mec\u00e1nica de precisi\u00f3n e ingenier\u00eda el\u00e9ctrica. Sin embargo, Robert Bosch ten\u00eda una visi\u00f3n muy clara: apostar por la innovaci\u00f3n t\u00e9cnica y por la fiabilidad como base del crecimiento.<\/p>\n<p style=\"margin: 0 0 16px 0;\">Esa visi\u00f3n fue clave para que la empresa evolucionara con rapidez. Los primeros avances en el \u00e1mbito del autom\u00f3vil fueron decisivos, especialmente en una \u00e9poca en la que la industria del motor todav\u00eda estaba dando sus primeros pasos.<\/p>\n<div style=\"margin: 0 0 28px 0; padding: 20px; background: #f9fafb; border: 1px solid #e5e7eb; border-radius: 14px;\">\n<h3 style=\"font-size: 22px; margin: 0 0 14px 0; color: #111827;\"><span class=\"ez-toc-section\" id=\"Que_hizo_diferente_a_Bosch_desde_el_inicio\"><\/span>Qu\u00e9 hizo diferente a Bosch desde el inicio<span class=\"ez-toc-section-end\"><\/span><\/h3>\n<ul style=\"margin: 0; padding-left: 20px;\">\n<li style=\"margin: 0 0 8px 0;\"><strong>Innovaci\u00f3n pr\u00e1ctica:<\/strong> desarrollar soluciones realmente \u00fatiles.<\/li>\n<li style=\"margin: 0 0 8px 0;\"><strong>Calidad:<\/strong> convertir la fiabilidad en una se\u00f1a de identidad.<\/li>\n<li style=\"margin: 0 0 8px 0;\"><strong>Visi\u00f3n de futuro:<\/strong> crecer m\u00e1s all\u00e1 del taller original.<\/li>\n<li style=\"margin: 0;\"><strong>Compromiso social:<\/strong> una dimensi\u00f3n empresarial poco habitual en su \u00e9poca.<\/li>\n<\/ul>\n<\/div>\n<h2 style=\"font-size: 28px; line-height: 1.25; margin: 0 0 16px 0; color: #111827;\"><span class=\"ez-toc-section\" id=\"Los_grandes_hitos_historicos_de_Bosch\"><\/span>Los grandes hitos hist\u00f3ricos de Bosch<span class=\"ez-toc-section-end\"><\/span><\/h2>\n<h3 style=\"font-size: 22px; margin: 0 0 14px 0; color: #111827;\"><span class=\"ez-toc-section\" id=\"1_La_magneto_de_encendido_de_1897\"><\/span>1. La magneto de encendido de 1897<span class=\"ez-toc-section-end\"><\/span><\/h3>\n<p style=\"margin: 0 0 16px 0;\">Uno de los momentos m\u00e1s importantes en la historia de Bosch lleg\u00f3 en <strong>1897<\/strong>, con la magneto de encendido para autom\u00f3viles. Esta innovaci\u00f3n ayud\u00f3 a que los fabricantes dispusieran de sistemas de encendido m\u00e1s fiables y supuso un paso clave para que el autom\u00f3vil pudiera convertirse en un medio de transporte m\u00e1s pr\u00e1ctico.<\/p>\n<h3 style=\"font-size: 22px; margin: 0 0 14px 0; color: #111827;\"><span class=\"ez-toc-section\" id=\"2_La_ignicion_de_alta_tension_de_1902\"><\/span>2. La ignici\u00f3n de alta tensi\u00f3n de 1902<span class=\"ez-toc-section-end\"><\/span><\/h3>\n<p style=\"margin: 0 0 16px 0;\">Poco despu\u00e9s, en <strong>1902<\/strong>, lleg\u00f3 otro gran salto: la ignici\u00f3n de alta tensi\u00f3n con buj\u00eda. Esta mejora t\u00e9cnica fue fundamental para el crecimiento de Bosch en el sector de la automoci\u00f3n y consolid\u00f3 su reputaci\u00f3n como empresa innovadora.<\/p>\n<h3 style=\"font-size: 22px; margin: 0 0 14px 0; color: #111827;\"><span class=\"ez-toc-section\" id=\"3_La_expansion_tecnologica\"><\/span>3. La expansi\u00f3n tecnol\u00f3gica<span class=\"ez-toc-section-end\"><\/span><\/h3>\n<p style=\"margin: 0 0 28px 0;\">A partir de ah\u00ed, Bosch fue ampliando su presencia en nuevas \u00e1reas. La empresa fue desarrollando soluciones para automoci\u00f3n, sistemas el\u00e9ctricos, herramientas, electrodom\u00e9sticos y m\u00e1s adelante tecnolog\u00edas industriales, software y automatizaci\u00f3n.<\/p>\n<h2 style=\"font-size: 28px; line-height: 1.25; margin: 0 0 16px 0; color: #111827;\"><span class=\"ez-toc-section\" id=\"Bosch_en_el_dia_a_dia_por_que_su_marca_esta_en_tantos_sectores\"><\/span>Bosch en el d\u00eda a d\u00eda: por qu\u00e9 su marca est\u00e1 en tantos sectores<span class=\"ez-toc-section-end\"><\/span><\/h2>\n<p style=\"margin: 0 0 16px 0;\">Una de las razones por las que Bosch tiene tanta relevancia es que su presencia no se limita a un solo mercado. Sus productos y soluciones se encuentran tanto en el hogar como en el \u00e1mbito profesional e industrial.<\/p>\n<div style=\"overflow-x: auto; margin: 0 0 28px 0; border: 1px solid #e5e7eb; border-radius: 14px;\">\n<table style=\"width: 100%; min-width: 760px; border-collapse: collapse; background: #ffffff;\">\n<thead>\n<tr style=\"background: #1f2937;\">\n<th style=\"padding: 14px 16px; text-align: left; color: #ffffff; font-size: 14px;\">\u00c1rea<\/th>\n<th style=\"padding: 14px 16px; text-align: left; color: #ffffff; font-size: 14px;\">Ejemplos<\/th>\n<th style=\"padding: 14px 16px; text-align: left; color: #ffffff; font-size: 14px;\">Qu\u00e9 aporta<\/th>\n<\/tr>\n<\/thead>\n<tbody>\n<tr style=\"background: #ffffff;\">\n<td style=\"padding: 14px 16px; border-bottom: 1px solid #e5e7eb;\"><strong>Hogar<\/strong><\/td>\n<td style=\"padding: 14px 16px; border-bottom: 1px solid #e5e7eb;\">Electrodom\u00e9sticos, aspiraci\u00f3n, soluciones de confort<\/td>\n<td style=\"padding: 14px 16px; border-bottom: 1px solid #e5e7eb;\">Tecnolog\u00eda \u00fatil para ahorrar tiempo y mejorar la vida diaria.<\/td>\n<\/tr>\n<tr style=\"background: #f9fafb;\">\n<td style=\"padding: 14px 16px; border-bottom: 1px solid #e5e7eb;\"><strong>Bricolaje y profesional<\/strong><\/td>\n<td style=\"padding: 14px 16px; border-bottom: 1px solid #e5e7eb;\">Taladros, atornilladores, herramientas el\u00e9ctricas<\/td>\n<td style=\"padding: 14px 16px; border-bottom: 1px solid #e5e7eb;\">Fiabilidad, precisi\u00f3n y soluciones adaptadas a distintos niveles de uso.<\/td>\n<\/tr>\n<tr style=\"background: #ffffff;\">\n<td style=\"padding: 14px 16px; border-bottom: 1px solid #e5e7eb;\"><strong>Automoci\u00f3n<\/strong><\/td>\n<td style=\"padding: 14px 16px; border-bottom: 1px solid #e5e7eb;\">Sistemas de movilidad, componentes y asistencia<\/td>\n<td style=\"padding: 14px 16px; border-bottom: 1px solid #e5e7eb;\">Uno de los pilares hist\u00f3ricos de Bosch.<\/td>\n<\/tr>\n<tr style=\"background: #f9fafb;\">\n<td style=\"padding: 14px 16px;\"><strong>Industria y edificios<\/strong><\/td>\n<td style=\"padding: 14px 16px;\">Tecnolog\u00eda industrial, automatizaci\u00f3n, building tech<\/td>\n<td style=\"padding: 14px 16px;\">Expansi\u00f3n hacia soluciones de gran escala y entornos conectados.<\/td>\n<\/tr>\n<\/tbody>\n<\/table>\n<\/div>\n<h2 style=\"font-size: 28px; line-height: 1.25; margin: 0 0 16px 0; color: #111827;\"><span class=\"ez-toc-section\" id=\"La_filosofia_de_Bosch_innovacion_calidad_y_compromiso_social\"><\/span>La filosof\u00eda de Bosch: innovaci\u00f3n, calidad y compromiso social<span class=\"ez-toc-section-end\"><\/span><\/h2>\n<p style=\"margin: 0 0 16px 0;\">La historia de Bosch no se entiende solo por sus productos. Tambi\u00e9n se explica por una cultura empresarial que ha dado importancia a la responsabilidad, a la sostenibilidad y a la mejora continua.<\/p>\n<p style=\"margin: 0 0 28px 0;\">Esa combinaci\u00f3n entre <strong>mentalidad t\u00e9cnica<\/strong> y <strong>visi\u00f3n a largo plazo<\/strong> ha sido una de las claves para que la marca mantenga su relevancia durante m\u00e1s de un siglo.<\/p>\n<div style=\"margin: 0 0 28px 0; padding: 20px; background: #ecfeff; border: 1px solid #a5f3fc; border-radius: 14px;\">\n<h3 style=\"font-size: 22px; margin: 0 0 14px 0; color: #111827;\"><span class=\"ez-toc-section\" id=\"Valores_que_explican_el_crecimiento_de_Bosch\"><\/span>Valores que explican el crecimiento de Bosch<span class=\"ez-toc-section-end\"><\/span><\/h3>\n<ul style=\"margin: 0; padding-left: 20px;\">\n<li style=\"margin: 0 0 8px 0;\"><strong>Calidad:<\/strong> la fiabilidad como eje central de la marca.<\/li>\n<li style=\"margin: 0 0 8px 0;\"><strong>Investigaci\u00f3n:<\/strong> apuesta sostenida por la innovaci\u00f3n.<\/li>\n<li style=\"margin: 0 0 8px 0;\"><strong>Sostenibilidad:<\/strong> adaptaci\u00f3n a un entorno tecnol\u00f3gico m\u00e1s responsable.<\/li>\n<li style=\"margin: 0;\"><strong>Compromiso:<\/strong> una empresa con fuerte dimensi\u00f3n social y de largo recorrido.<\/li>\n<\/ul>\n<\/div>\n<h2 style=\"font-size: 28px; line-height: 1.25; margin: 0 0 16px 0; color: #111827;\"><span class=\"ez-toc-section\" id=\"Bosch_en_la_actualidad\"><\/span>Bosch en la actualidad<span class=\"ez-toc-section-end\"><\/span><\/h2>\n<p style=\"margin: 0 0 16px 0;\">Hoy Bosch es mucho m\u00e1s que una marca de herramientas o automoci\u00f3n. El grupo opera globalmente en sectores como <strong>Mobility<\/strong>, <strong>Industrial Technology<\/strong>, <strong>Consumer Goods<\/strong> y <strong>Energy and Building Technology<\/strong>. Adem\u00e1s, mantiene una dimensi\u00f3n internacional enorme, con cientos de filiales y actividad en decenas de pa\u00edses.<\/p>\n<p style=\"margin: 0 0 28px 0;\">Ese crecimiento demuestra que su evoluci\u00f3n no ha sido casual, sino el resultado de una estrategia sostenida durante d\u00e9cadas basada en tecnolog\u00eda, expansi\u00f3n y adaptaci\u00f3n constante.<\/p>\n<figure id=\"attachment_2365\" aria-describedby=\"caption-attachment-2365\" style=\"width: 1024px\" class=\"wp-caption alignnone\"><img decoding=\"async\" class=\"wp-image-2365 size-large\" title=\"La evoluci\u00f3n de Bosch\" src=\"https:\/\/www.ferreteriacampollano.com\/blog\/wp-content\/uploads\/2025\/02\/pf-c33a52b3-Banner-Bosch-1024x228.webp\" alt=\"La evoluci\u00f3n de Bosch\" width=\"1024\" height=\"228\" srcset=\"https:\/\/www.ferreteriacampollano.com\/blog\/wp-content\/uploads\/2025\/02\/pf-c33a52b3-Banner-Bosch-1024x228.webp 1024w, https:\/\/www.ferreteriacampollano.com\/blog\/wp-content\/uploads\/2025\/02\/pf-c33a52b3-Banner-Bosch-300x67.webp 300w, https:\/\/www.ferreteriacampollano.com\/blog\/wp-content\/uploads\/2025\/02\/pf-c33a52b3-Banner-Bosch-768x171.webp 768w, https:\/\/www.ferreteriacampollano.com\/blog\/wp-content\/uploads\/2025\/02\/pf-c33a52b3-Banner-Bosch.webp 1350w\" sizes=\"(max-width: 1024px) 100vw, 1024px\" \/><figcaption id=\"caption-attachment-2365\" class=\"wp-caption-text\">La evoluci\u00f3n de Bosch<\/figcaption><\/figure>\n<h2 style=\"font-size: 28px; line-height: 1.25; margin: 0 0 16px 0; color: #111827;\"><span class=\"ez-toc-section\" id=\"Preguntas_frecuentes_sobre_la_historia_de_Bosch\"><\/span>Preguntas frecuentes sobre la historia de Bosch<span class=\"ez-toc-section-end\"><\/span><\/h2>\n<div style=\"margin: 0 0 10px 0;\">\n<details style=\"border: 1px solid #e5e7eb; border-radius: 12px; padding: 0 16px; background: #ffffff;\" open=\"open\">\n<summary style=\"cursor: pointer; font-weight: bold; color: #111827; padding: 16px 0;\">\u00bfEn qu\u00e9 a\u00f1o se fund\u00f3 Bosch?<\/summary>\n<div style=\"padding: 0 0 16px 0; color: #374151;\">Bosch fue fundada en 1886 por Robert Bosch en Stuttgart, Alemania.<\/div>\n<\/details>\n<\/div>\n<div style=\"margin: 0 0 10px 0;\">\n<details style=\"border: 1px solid #e5e7eb; border-radius: 12px; padding: 0 16px; background: #ffffff;\" open=\"open\">\n<summary style=\"cursor: pointer; font-weight: bold; color: #111827; padding: 16px 0;\">\u00bfQui\u00e9n fund\u00f3 Bosch?<\/summary>\n<div style=\"padding: 0 0 16px 0; color: #374151;\">El fundador de Bosch fue Robert Bosch, que puso en marcha un taller de mec\u00e1nica de precisi\u00f3n e ingenier\u00eda el\u00e9ctrica que acabar\u00eda convirti\u00e9ndose en una compa\u00f1\u00eda global.<\/div>\n<\/details>\n<\/div>\n<div style=\"margin: 0 0 10px 0;\">\n<details style=\"border: 1px solid #e5e7eb; border-radius: 12px; padding: 0 16px; background: #ffffff;\" open=\"open\">\n<summary style=\"cursor: pointer; font-weight: bold; color: #111827; padding: 16px 0;\">\u00bfCu\u00e1l fue uno de los primeros grandes avances de Bosch?<\/summary>\n<div style=\"padding: 0 0 16px 0; color: #374151;\">Uno de los primeros grandes hitos fue la magneto de encendido para autom\u00f3viles en 1897, seguida de la ignici\u00f3n de alta tensi\u00f3n con buj\u00eda en 1902.<\/div>\n<\/details>\n<\/div>\n<div style=\"margin: 0 0 10px 0;\">\n<details style=\"border: 1px solid #e5e7eb; border-radius: 12px; padding: 0 16px; background: #ffffff;\" open=\"open\">\n<summary style=\"cursor: pointer; font-weight: bold; color: #111827; padding: 16px 0;\">\u00bfBosch solo fabrica herramientas?<\/summary>\n<div style=\"padding: 0 0 16px 0; color: #374151;\">No. Bosch tambi\u00e9n est\u00e1 presente en automoci\u00f3n, tecnolog\u00eda industrial, electrodom\u00e9sticos, bienes de consumo y soluciones para edificios y energ\u00eda.<\/div>\n<\/details>\n<\/div>\n<div style=\"margin: 0 0 28px 0;\">\n<details style=\"border: 1px solid #e5e7eb; border-radius: 12px; padding: 0 16px; background: #ffffff;\" open=\"open\">\n<summary style=\"cursor: pointer; font-weight: bold; color: #111827; padding: 16px 0;\">\u00bfD\u00f3nde ver productos Bosch en Ferreter\u00eda Campollano?<\/summary>\n<div style=\"padding: 0 0 16px 0; color: #374151;\">Puedes consultar la selecci\u00f3n disponible en la tienda online a trav\u00e9s de la categor\u00eda de herramientas Bosch y revisar tambi\u00e9n promociones y art\u00edculos relacionados del blog.<\/div>\n<\/details>\n<\/div>\n<h2 style=\"font-size: 28px; line-height: 1.25; margin: 0 0 16px 0; color: #111827;\"><span class=\"ez-toc-section\" id=\"Conclusion\"><\/span>Conclusi\u00f3n<span class=\"ez-toc-section-end\"><\/span><\/h2>\n<p style=\"margin: 0 0 16px 0;\">La historia de Bosch es la de una empresa que supo transformar un peque\u00f1o taller en una referencia mundial gracias a la innovaci\u00f3n, la calidad y una visi\u00f3n clara de futuro.<\/p>\n<p style=\"margin: 0 0 20px 0;\">Entender su evoluci\u00f3n ayuda tambi\u00e9n a entender por qu\u00e9 Bosch sigue siendo hoy una marca tan reconocida tanto en el \u00e1mbito dom\u00e9stico como en el profesional. Y si adem\u00e1s quieres conocer sus productos m\u00e1s de cerca, en Ferreter\u00eda Campollano puedes seguir explorando herramientas, promociones y contenidos relacionados.<\/p>\n<div style=\"margin: 0 0 22px 0; padding: 22px; background: #111827; border-radius: 16px;\">\n<p style=\"margin: 0 0 12px 0; color: #ffffff; font-size: 22px; line-height: 1.3; font-weight: bold;\">\u00bfQuieres ver herramientas Bosch o seguir leyendo sobre la marca?<\/p>\n<p style=\"margin: 0 0 14px 0; color: #d1d5db;\">Accede a la selecci\u00f3n disponible en la tienda online o descubre m\u00e1s contenidos relacionados en el blog.<\/p>\n<p style=\"margin: 0;\"><a style=\"display: inline-block; margin: 0 10px 10px 0; padding: 12px 18px; background: #f59e0b; color: #111827; text-decoration: none; font-weight: bold; border-radius: 10px;\" href=\"https:\/\/www.ferreteriacampollano.com\/herramientas\/herramienta-electrica.html#\/marca-bosch\">Ver Bosch en tienda<\/a><br \/>\n<a style=\"display: inline-block; margin: 0 10px 10px 0; padding: 12px 18px; background: #ffffff; color: #111827; text-decoration: none; font-weight: bold; border-radius: 10px;\" href=\"https:\/\/www.ferreteriacampollano.com\/blog\/consigue-tu-regalo-con-pro-deals-de-bosch-aqui\/\">Ver Pro Deals<\/a><br \/>\n<a style=\"display: inline-block; margin: 0 10px 10px 0; padding: 12px 18px; background: #374151; color: #ffffff; text-decoration: none; font-weight: bold; border-radius: 10px;\" href=\"https:\/\/www.ferreteriacampollano.com\/blog\/bosch-y-su-compromiso-con-la-sostenibilidad\/\">Leer m\u00e1s sobre Bosch<\/a><\/p>\n<\/div>\n<\/div>\n","protected":false},"excerpt":{"rendered":"<p>Hablar de Bosch es hablar de innovaci\u00f3n, fiabilidad y tecnolog\u00eda aplicada al d\u00eda a d\u00eda. La marca est\u00e1 presente en herramientas, automoci\u00f3n, electrodom\u00e9sticos y soluciones industriales, pero su historia empieza&hellip;<\/p>\n","protected":false},"author":3,"featured_media":2377,"comment_status":"closed","ping_status":"closed","sticky":false,"template":"","format":"standard","meta":{"footnotes":""},"categories":[42],"tags":[],"class_list":["post-2353","post","type-post","status-publish","format-standard","has-post-thumbnail","hentry","category-bosch"],"_links":{"self":[{"href":"https:\/\/www.ferreteriacampollano.com\/blog\/wp-json\/wp\/v2\/posts\/2353","targetHints":{"allow":["GET"]}}],"collection":[{"href":"https:\/\/www.ferreteriacampollano.com\/blog\/wp-json\/wp\/v2\/posts"}],"about":[{"href":"https:\/\/www.ferreteriacampollano.com\/blog\/wp-json\/wp\/v2\/types\/post"}],"author":[{"embeddable":true,"href":"https:\/\/www.ferreteriacampollano.com\/blog\/wp-json\/wp\/v2\/users\/3"}],"replies":[{"embeddable":true,"href":"https:\/\/www.ferreteriacampollano.com\/blog\/wp-json\/wp\/v2\/comments?post=2353"}],"version-history":[{"count":2,"href":"https:\/\/www.ferreteriacampollano.com\/blog\/wp-json\/wp\/v2\/posts\/2353\/revisions"}],"predecessor-version":[{"id":3011,"href":"https:\/\/www.ferreteriacampollano.com\/blog\/wp-json\/wp\/v2\/posts\/2353\/revisions\/3011"}],"wp:featuredmedia":[{"embeddable":true,"href":"https:\/\/www.ferreteriacampollano.com\/blog\/wp-json\/wp\/v2\/media\/2377"}],"wp:attachment":[{"href":"https:\/\/www.ferreteriacampollano.com\/blog\/wp-json\/wp\/v2\/media?parent=2353"}],"wp:term":[{"taxonomy":"category","embeddable":true,"href":"https:\/\/www.ferreteriacampollano.com\/blog\/wp-json\/wp\/v2\/categories?post=2353"},{"taxonomy":"post_tag","embeddable":true,"href":"https:\/\/www.ferreteriacampollano.com\/blog\/wp-json\/wp\/v2\/tags?post=2353"}],"curies":[{"name":"wp","href":"https:\/\/api.w.org\/{rel}","templated":true}]}}